{"id":8145,"date":"2016-07-14T11:37:22","date_gmt":"2016-07-14T14:37:22","guid":{"rendered":"https:\/\/portalaciara.com\/backup.br\/?p=8145"},"modified":"2016-07-14T11:37:22","modified_gmt":"2016-07-14T14:37:22","slug":"francisca-das-merces-de-souza","status":"publish","type":"post","link":"https:\/\/portalaciara.com\/novosite\/francisca-das-merces-de-souza\/","title":{"rendered":"FRANCISCA DAS MERC\u00caS DE SOUZA"},"content":{"rendered":"<p>Nasceu em Floriano , no Piau\u00ed, \u00a0Francisca veio para Aragua\u00edna ainda crian\u00e7a com os pais \u00a0e 11 irm\u00e3os, em busca de uma vida melhor. \u00c9 m\u00e3e de Marcos Vinicius de 20 anos e Lucas Felipe de 17 anos. Com muitas crian\u00e7as pequenas numa fam\u00edlia numerosa as dificuldades n\u00e3o foram poucas. Seus pais tinham um pequeno supermercado na regi\u00e3o da Avenida Filad\u00e9lfia em Aragua\u00edna onde Francisca trabalhou ajudando a fam\u00edlia at\u00e9 se casar e ter que cuidar dos filhos.<\/p>\n<p>Francisca e a fam\u00edlia s\u00e3o clientes da Thema Modas h\u00e1 muitos anos e ela relata que o propriet\u00e1rio Sim\u00e3o foi quem insistiu para que ela preenchesse o cupom. Ela descreve o Sim\u00e3o como um empres\u00e1rio muito bom e atenciosos que a faz sentir-se muito \u00e1 vontade em sua loja.<\/p>\n<p>Quanto ao pr\u00eamio a surpresa foi imensa quando ela foi convidada a ir \u00e0 Aciara para autenticar o sorteio e soube que al\u00e9m de uma transforma\u00e7\u00e3o no visual ela teria vestido, sess\u00e3o de fotos e jantar com a fam\u00edlia. Ela conta que nunca imaginou que um dia assim poderia acontecer com ela!<\/p>\n<p>Francisca ressalta que todas as m\u00e3es merecem um dia de descanso dos afazeres e obriga\u00e7\u00f5es do lar com um dia dedicado somente \u00e0 elas.<\/p>\n<p>Confira as fotos, de Francisca realizadas no Detalhes Noivas,\u00a0Studio de Sobrancelhas, Hotel Relic\u00e1rio e La fontana:<\/p>\n<p>[print_gllr id=8296]<br \/>\n[print_gllr id=8296 display=short]<\/p>\n","protected":false},"excerpt":{"rendered":"<p>Nasceu em Floriano , no Piau\u00ed, \u00a0Francisca veio para Aragua\u00edna ainda crian\u00e7a com os pais \u00a0e 11 irm\u00e3os, em busca de uma vida melhor. \u00c9 m\u00e3e de Marcos Vinicius de 20 anos e Lucas Felipe de 17 anos. Com muitas crian\u00e7as pequenas numa fam\u00edlia numerosa as dificuldades n\u00e3o foram poucas. Seus pais tinham um pequeno [&hellip;]<\/p>\n","protected":false},"author":2,"featured_media":8165,"comment_status":"open","ping_status":"open","sticky":false,"template":"","format":"standard","meta":{"footnotes":""},"categories":[808],"tags":[],"class_list":["post-8145","post","type-post","status-publish","format-standard","has-post-thumbnail","hentry","category-uncategorized"],"_links":{"self":[{"href":"https:\/\/portalaciara.com\/novosite\/wp-json\/wp\/v2\/posts\/8145","targetHints":{"allow":["GET"]}}],"collection":[{"href":"https:\/\/portalaciara.com\/novosite\/wp-json\/wp\/v2\/posts"}],"about":[{"href":"https:\/\/portalaciara.com\/novosite\/wp-json\/wp\/v2\/types\/post"}],"author":[{"embeddable":true,"href":"https:\/\/portalaciara.com\/novosite\/wp-json\/wp\/v2\/users\/2"}],"replies":[{"embeddable":true,"href":"https:\/\/portalaciara.com\/novosite\/wp-json\/wp\/v2\/comments?post=8145"}],"version-history":[{"count":0,"href":"https:\/\/portalaciara.com\/novosite\/wp-json\/wp\/v2\/posts\/8145\/revisions"}],"wp:featuredmedia":[{"embeddable":true,"href":"https:\/\/portalaciara.com\/novosite\/wp-json\/wp\/v2\/media\/8165"}],"wp:attachment":[{"href":"https:\/\/portalaciara.com\/novosite\/wp-json\/wp\/v2\/media?parent=8145"}],"wp:term":[{"taxonomy":"category","embeddable":true,"href":"https:\/\/portalaciara.com\/novosite\/wp-json\/wp\/v2\/categories?post=8145"},{"taxonomy":"post_tag","embeddable":true,"href":"https:\/\/portalaciara.com\/novosite\/wp-json\/wp\/v2\/tags?post=8145"}],"curies":[{"name":"wp","href":"https:\/\/api.w.org\/{rel}","templated":true}]}}