{"id":15069,"date":"2020-11-04T12:45:49","date_gmt":"2020-11-04T12:45:49","guid":{"rendered":"https:\/\/portalaciara.com\/backup\/?p=15069"},"modified":"2020-11-04T12:45:49","modified_gmt":"2020-11-04T12:45:49","slug":"inscricoes-abertas-para-semana-global-do-empreendedorismo-2020","status":"publish","type":"post","link":"https:\/\/portalaciara.com\/novosite\/inscricoes-abertas-para-semana-global-do-empreendedorismo-2020\/","title":{"rendered":"Inscri\u00e7\u00f5es abertas para Semana Global do Empreendedorismo 2020"},"content":{"rendered":"\n<p>Entre os dias 16 e 22 de novembro, acontece a maior iniciativa dedicada ao empreendedorismo no Brasil. A Semana Global de Empreendedorismo (SGE), que promete mobilizar todo o pa\u00eds, \u00e9 organizada pelo Sebrae e por parceiros que comp\u00f5em o Conselho no pa\u00eds e s\u00e3o refer\u00eancias do ecossistema empreendedor brasileiro (Alian\u00e7a Empreendedora, Anjos do Brasil, Anprotec, Artemisia, Brasil J\u00fanior, Conaje, Endeavor, Junior Achievement e a Rede Mulher Empreendedora &#8211; RME). Com o tema \u201cRetomada da Economia e o Papel do Empreendedorismo\u201d, a 13\u00aa edi\u00e7\u00e3o da SGE ser\u00e1 realizada em um formato in\u00e9dito, de forma totalmente online, por causa da pandemia. <\/p>\n\n\n\n<p>Para participar gratuitamente, basta identificar a programa\u00e7\u00e3o dos eventos no endere\u00e7o:&nbsp;<a href=\"https:\/\/www.empreendedorismo.org.br\/#\/\">https:\/\/www.empreendedorismo.org.br<\/a>. Aqueles que tiverem interesse em divulgar seu evento ou iniciativa de fomento ao empreendedorismo no \u00e2mbito da SGE tamb\u00e9m poder\u00e3o fazer no mesmo endere\u00e7o.<\/p>\n\n\n\n<p>Nos \u00faltimos tr\u00eas anos, a SGE no Brasil bateu recordes de resultados, o que faz da Semana brasileira a maior do mundo, com sete premia\u00e7\u00f5es internacionais. Mais de 2,5 milh\u00f5es de pessoas j\u00e1 foram mobilizadas no pa\u00eds em cerca de 20 mil atividades. Com uma programa\u00e7\u00e3o ampla, o evento tem o objetivo de fortalecer e disseminar a cultura empreendedora, conectando, capacitando e inspirando os brasileiros a empreender.&nbsp;<\/p>\n\n\n\n<p>Diante da crise causada pela pandemia que impactou os pequenos neg\u00f3cios, a Semana Global de Empreendedorismo 2020 traz a discuss\u00e3o de temas relacionados ao momento de retomada das atividades, como os desafios da gest\u00e3o financeira e recupera\u00e7\u00e3o de d\u00edvidas; oportunidades de neg\u00f3cios nos segmentos mais afetados pela pandemia; diferenciais competitivos e novos modelos de neg\u00f3cios; transforma\u00e7\u00e3o digital dos pequenos neg\u00f3cios, dentre outros.&nbsp;<\/p>\n\n\n\n<p>O primeiro momento alto do evento j\u00e1 ser\u00e1 na abertura, dia 16, \u00e0s 10h, com a participa\u00e7\u00e3o do presidente da Global Entrepreneurship Network (GEN), Jonathan Ortmans, que vai tratar da tem\u00e1tica \u201cPandemia e recupera\u00e7\u00e3o da economia\u201d. No mesmo dia tamb\u00e9m est\u00e3o previstos pain\u00e9is para discutir as pol\u00edticas p\u00fablicas, marcos regulat\u00f3rios e ambiente de neg\u00f3cios no p\u00f3s-crise; a nova economia e oportunidades; li\u00e7\u00f5es internacionais de empreendedorismo com foco no cliente e a transforma\u00e7\u00e3o digital e o poder das redes. Entre as presen\u00e7as j\u00e1 confirmadas est\u00e3o o ex-aluno da Escola do Sebrae e atual diretor da Startup Genome, Arnobio Morelix, que foi vencedor, no ano passado, do pr\u00eamio considerado o \u201cOscar\u201d do empreendedorismo no Global Entrepreneurship Congress (GEC); o palestrante americano, autoridade internacional em experi\u00eancia do cliente, Don Peppers e a executiva de TI, s\u00f3cia fundadora do Movimento Black Money, Nina Silva. A programa\u00e7\u00e3o tamb\u00e9m conter\u00e1 com palestra da Saras Sarasvathy, criadora do m\u00e9todo do Effectuation.<\/p>\n\n\n\n<p>Para o presidente do Sebrae, Carlos Melles, a voca\u00e7\u00e3o empreendedora do brasileiro \u00e9 indiscut\u00edvel e em momentos de crise, fica ainda mais evidente. \u201cMesmo em um cen\u00e1rio de incertezas, o n\u00famero de novos Microempreendedores Individuais (MEI) formalizados em 2020 superou em quase 43 mil registros em rela\u00e7\u00e3o ao resultado do mesmo per\u00edodo, referente aos cinco primeiros meses da pandemia. E aproximadamente 100 mil novos neg\u00f3cios foram registrados como microempresas e empresas de pequeno porte\u201d, declarou.&nbsp;<\/p>\n\n\n\n<p>Segundo Melles, h\u00e1 sinais animadores de recupera\u00e7\u00e3o e de retomada dos pequenos neg\u00f3cios, a partir dos levantamentos feitos pelo Sebrae, em parceria com a FGV, para mensurar o impacto da pandemia. \u201cNossa \u00faltima pesquisa, divulgada recentemente j\u00e1 aponta que 83% das micro e pequenas empresas est\u00e3o em opera\u00e7\u00e3o, e indica uma melhora geral no quadro das empresas, com menos quedas de faturamento e consequentemente, menos endividamento\u201d, analisa.&nbsp;<\/p>\n\n\n\n<p>O Brasil \u00e9 o quarto pa\u00eds mais empreendedor do mundo e deve registrar em 2020,&nbsp; o maior n\u00edvel de&nbsp; empreendedorismo dos \u00faltimos 20 anos, com um quarto da popula\u00e7\u00e3o adulta envolvida em seu pr\u00f3prio neg\u00f3cio. A estimativa \u00e9 feita pelo Sebrae, com base na an\u00e1lise hist\u00f3rica da Pesquisa Global Entrepreneurship Monitor (GEM), considerada o principal estudo sobre empreendedorismo no mundo.&nbsp;<\/p>\n\n\n\n<p><strong>Dia Mundial do Empreendedorismo Feminino&nbsp;<\/strong><\/p>\n\n\n\n<p>A programa\u00e7\u00e3o da SGE tamb\u00e9m ser\u00e1 marcada pelas comemora\u00e7\u00f5es do Dia Mundial do Empreendedorismo Feminino, no dia 19 de novembro. O Sebrae preparou um dia inteiro com palestras e rodadas de conversas virtuais para discutir os principais desafios da mulher empreendedora, a partir da viv\u00eancia de projetos como o Sebrae DELAS, iniciativa piloto, realizada nos \u00faltimos dois anos em 12 estados do Brasil para apoiar ao empreendedorismo feminino.&nbsp;<\/p>\n\n\n\n<p>As atividades previstas v\u00e3o tratar de lideran\u00e7a, inova\u00e7\u00e3o, participa\u00e7\u00e3o em redes, equil\u00edbrio entre o aspecto pessoal e profissional, cren\u00e7as limitantes, maternidade, entre outros.&nbsp; A coordenadora nacional de Empreendedorismo Feminino do Sebrae, Renata Malheiros, destaca a import\u00e2ncia do momento para um debate amplo na sociedade, envolvendo tamb\u00e9m os homens, sobre o papel da mulher no mundo dos neg\u00f3cios. \u201cA pandemia colocou um holofote sobre as quest\u00f5es que envolvem o universo feminino que j\u00e1 conhecemos. Pesquisas apontam que as mulheres empreendedoras se dedicam 17% menos aos neg\u00f3cios do que os homens e por outro lado, passam o dobro de tempo envolvida com atividades dom\u00e9sticas. Esses s\u00e3o dados que demonstram a necessidade da reflex\u00e3o do papel da mulher no mundo empresarial\u201d, explicou.<\/p>\n\n\n\n<p>Fonte: Sebrae<\/p>\n","protected":false},"excerpt":{"rendered":"<p>Entre os dias 16 e 22 de novembro, acontece a maior iniciativa dedicada ao empreendedorismo no Brasil. A Semana Global de Empreendedorismo (SGE), que promete mobilizar todo o pa\u00eds, \u00e9 organizada pelo Sebrae e por parceiros que comp\u00f5em o Conselho no pa\u00eds e s\u00e3o refer\u00eancias do ecossistema empreendedor brasileiro (Alian\u00e7a Empreendedora, Anjos do Brasil, Anprotec, [&hellip;]<\/p>\n","protected":false},"author":2,"featured_media":15070,"comment_status":"open","ping_status":"closed","sticky":false,"template":"","format":"standard","meta":{"footnotes":""},"categories":[493],"tags":[],"class_list":["post-15069","post","type-post","status-publish","format-standard","has-post-thumbnail","hentry","category-noticias"],"_links":{"self":[{"href":"https:\/\/portalaciara.com\/novosite\/wp-json\/wp\/v2\/posts\/15069","targetHints":{"allow":["GET"]}}],"collection":[{"href":"https:\/\/portalaciara.com\/novosite\/wp-json\/wp\/v2\/posts"}],"about":[{"href":"https:\/\/portalaciara.com\/novosite\/wp-json\/wp\/v2\/types\/post"}],"author":[{"embeddable":true,"href":"https:\/\/portalaciara.com\/novosite\/wp-json\/wp\/v2\/users\/2"}],"replies":[{"embeddable":true,"href":"https:\/\/portalaciara.com\/novosite\/wp-json\/wp\/v2\/comments?post=15069"}],"version-history":[{"count":0,"href":"https:\/\/portalaciara.com\/novosite\/wp-json\/wp\/v2\/posts\/15069\/revisions"}],"wp:featuredmedia":[{"embeddable":true,"href":"https:\/\/portalaciara.com\/novosite\/wp-json\/wp\/v2\/media\/15070"}],"wp:attachment":[{"href":"https:\/\/portalaciara.com\/novosite\/wp-json\/wp\/v2\/media?parent=15069"}],"wp:term":[{"taxonomy":"category","embeddable":true,"href":"https:\/\/portalaciara.com\/novosite\/wp-json\/wp\/v2\/categories?post=15069"},{"taxonomy":"post_tag","embeddable":true,"href":"https:\/\/portalaciara.com\/novosite\/wp-json\/wp\/v2\/tags?post=15069"}],"curies":[{"name":"wp","href":"https:\/\/api.w.org\/{rel}","templated":true}]}}