{"id":15050,"date":"2020-10-26T14:26:40","date_gmt":"2020-10-26T14:26:40","guid":{"rendered":"https:\/\/portalaciara.com\/backup\/?p=15050"},"modified":"2020-10-26T14:26:40","modified_gmt":"2020-10-26T14:26:40","slug":"convencao-coletiva-determina-fechamento-do-comercio-no-feriado-de-finados-com-algumas-excecoes","status":"publish","type":"post","link":"https:\/\/portalaciara.com\/novosite\/convencao-coletiva-determina-fechamento-do-comercio-no-feriado-de-finados-com-algumas-excecoes\/","title":{"rendered":"Conven\u00e7\u00e3o coletiva determina fechamento do com\u00e9rcio no Feriado de Finados com algumas exce\u00e7\u00f5es"},"content":{"rendered":"\n<p>No pr\u00f3ximo dia 2 de novembro (segunda-feira) \u00e9 comemorado o <strong>Dia de Finados<\/strong>. De acordo com a conven\u00e7\u00e3o coletiva do Sindicato dos Empregados do Tocantins (SECETO) e Federa\u00e7\u00e3o do Com\u00e9rcio de Bens, Servi\u00e7os e Turismo do Tocantins (FECOM\u00c9RCIO) fica proibida a abertura do com\u00e9rcio em geral, com exce\u00e7\u00e3o dos estabelecimentos de g\u00eanero aliment\u00edcios, farm\u00e1cias e de empresas do com\u00e9rcio instaladas em Shopping Centers. <\/p>\n\n\n\n<p><em>\u201cPor se\ntratar de um feriado culturalmente utilizado para homenagear os entes queridos,\na tradi\u00e7\u00e3o \u00e9 que o com\u00e9rcio n\u00e3o funcione. Vale ressaltar que a conven\u00e7\u00e3o que\nproibiu a abertura foi firmada pela FECOM\u00c9RCIO e o SECETO antes da Pandemia e\nn\u00e3o poderia prever a situa\u00e7\u00e3o do com\u00e9rcio atualmente, mas entendemos que deve\nser cumprida a conven\u00e7\u00e3o\u201d<\/em>, destacou o Diretor Jur\u00eddico da ACIARA, Roger\nKuhn.<\/p>\n\n\n\n<p><strong>Servidor P\u00fablico<\/strong><\/p>\n\n\n\n<p>O governador Mauro Carlesse assinou o decreto n\u00ba 6.172, publicado na \u00faltima sexta-feira (23) no Di\u00e1rio Oficial do Estado, onde transfere, do dia 28 para 30 de outubro (sexta), a comemora\u00e7\u00e3o do Dia do Servidor P\u00fablico e torna a data ponto facultativo para o Executivo Estadual. Com a mudan\u00e7a, o servidor p\u00fablico ter\u00e1 um feriado prolongado. Entretanto, o ponto facultativo n\u00e3o interfere no funcionamento do com\u00e9rcio do dia 30 de outubro, que abrir\u00e1 normalmente.<\/p>\n","protected":false},"excerpt":{"rendered":"<p>No pr\u00f3ximo dia 2 de novembro (segunda-feira) \u00e9 comemorado o Dia de Finados. De acordo com a conven\u00e7\u00e3o coletiva do Sindicato dos Empregados do Tocantins (SECETO) e Federa\u00e7\u00e3o do Com\u00e9rcio de Bens, Servi\u00e7os e Turismo do Tocantins (FECOM\u00c9RCIO) fica proibida a abertura do com\u00e9rcio em geral, com exce\u00e7\u00e3o dos estabelecimentos de g\u00eanero aliment\u00edcios, farm\u00e1cias e [&hellip;]<\/p>\n","protected":false},"author":2,"featured_media":15051,"comment_status":"open","ping_status":"closed","sticky":false,"template":"","format":"standard","meta":{"footnotes":""},"categories":[493],"tags":[309,595,312],"class_list":["post-15050","post","type-post","status-publish","format-standard","has-post-thumbnail","hentry","category-noticias","tag-fecomercio","tag-feriado-de-finados","tag-seceto"],"_links":{"self":[{"href":"https:\/\/portalaciara.com\/novosite\/wp-json\/wp\/v2\/posts\/15050","targetHints":{"allow":["GET"]}}],"collection":[{"href":"https:\/\/portalaciara.com\/novosite\/wp-json\/wp\/v2\/posts"}],"about":[{"href":"https:\/\/portalaciara.com\/novosite\/wp-json\/wp\/v2\/types\/post"}],"author":[{"embeddable":true,"href":"https:\/\/portalaciara.com\/novosite\/wp-json\/wp\/v2\/users\/2"}],"replies":[{"embeddable":true,"href":"https:\/\/portalaciara.com\/novosite\/wp-json\/wp\/v2\/comments?post=15050"}],"version-history":[{"count":0,"href":"https:\/\/portalaciara.com\/novosite\/wp-json\/wp\/v2\/posts\/15050\/revisions"}],"wp:featuredmedia":[{"embeddable":true,"href":"https:\/\/portalaciara.com\/novosite\/wp-json\/wp\/v2\/media\/15051"}],"wp:attachment":[{"href":"https:\/\/portalaciara.com\/novosite\/wp-json\/wp\/v2\/media?parent=15050"}],"wp:term":[{"taxonomy":"category","embeddable":true,"href":"https:\/\/portalaciara.com\/novosite\/wp-json\/wp\/v2\/categories?post=15050"},{"taxonomy":"post_tag","embeddable":true,"href":"https:\/\/portalaciara.com\/novosite\/wp-json\/wp\/v2\/tags?post=15050"}],"curies":[{"name":"wp","href":"https:\/\/api.w.org\/{rel}","templated":true}]}}