{"id":15019,"date":"2020-10-23T18:19:06","date_gmt":"2020-10-23T18:19:06","guid":{"rendered":"https:\/\/portalaciara.com\/backup\/?p=15019"},"modified":"2020-10-23T18:19:06","modified_gmt":"2020-10-23T18:19:06","slug":"candidato-hugo-mendes-prtb-destaca-apoio-do-vice-presidente-mourao-em-sabatina","status":"publish","type":"post","link":"https:\/\/portalaciara.com\/novosite\/candidato-hugo-mendes-prtb-destaca-apoio-do-vice-presidente-mourao-em-sabatina\/","title":{"rendered":"Candidato Hugo Mendes (PRTB) destaca apoio do vice-presidente Mour\u00e3o em sabatina"},"content":{"rendered":"\n<p>O m\u00e9dico, Hugo Weysfield Mendes, 42 anos, do Partido Renovador Trabalhista Brasileiro (PRTB) participou nesta quinta-feira (22) da pen\u00faltima sabatina realizada pela Associa\u00e7\u00e3o Comercial e Industrial de Aragua\u00edna. Na sede da entidade, o candidato e assessores foram recebidos pelo Secret\u00e1rio da Diretoria Executiva da Aciara, Ulysses Ayres e diretores.<\/p>\n\n\n\n<p>Do mesmo partido do vice-presidente, o candidato Hugo Mendes enfatizou que ter\u00e1 o apoio do General Mour\u00e3o, que tem olhado para a regi\u00e3o de Aragua\u00edna. O m\u00e9dico tamb\u00e9m falou que representa o PRTB, que tem princ\u00edpios conservadores, que acredita \u201cno poder de Deus e no poder da fam\u00edlia\u201d, mas de economia liberal. <\/p>\n\n\n\n<figure class=\"wp-block-image\"><img fetchpriority=\"high\" decoding=\"async\" width=\"1024\" height=\"683\" src=\"https:\/\/portalaciara.com\/novosite\/wp-content\/uploads\/2020\/10\/DSCN0654-1-1024x683.jpg\" alt=\"\" class=\"wp-image-15022\" srcset=\"https:\/\/portalaciara.com\/novosite\/wp-content\/uploads\/2020\/10\/DSCN0654-1-1024x683.jpg 1024w, https:\/\/portalaciara.com\/novosite\/wp-content\/uploads\/2020\/10\/DSCN0654-1-300x200.jpg 300w, https:\/\/portalaciara.com\/novosite\/wp-content\/uploads\/2020\/10\/DSCN0654-1-768x512.jpg 768w\" sizes=\"(max-width: 1024px) 100vw, 1024px\" \/><figcaption> Secret\u00e1rio da Diretoria Executiva da Aciara, Ulysses Ayres, recebe candidato e assessores <\/figcaption><\/figure>\n\n\n\n<p>A primeira pergunta sorteada, do tema de gest\u00e3o p\u00fablica, foi sobre a escolha de secret\u00e1rios. O candidato reafirmou que n\u00e3o haver\u00e1 indica\u00e7\u00e3o pol\u00edtica. <em>\u201cDemonstra, atrav\u00e9s do que eu falei, que a ideia \u00e9 completamente t\u00e9cnica. Eu sou um m\u00e9dico, tenho 15 anos de experi\u00eancia, sou t\u00e9cnico na minha \u00e1rea, o meu vice \u00e9 um professor, o professor Andr\u00e9, tem 20 anos de experi\u00eancia na educa\u00e7\u00e3o, \u00e9 um t\u00e9cnico, e n\u00e3o temos compromisso com ningu\u00e9m da \u00e1rea p\u00fablica para poder lotear cargos. Essa \u00e9 uma importante miss\u00e3o que \u00e9 administrar a nossa cidade. Ent\u00e3o, a partir da\u00ed o que n\u00f3s pensamos, o que eu penso, \u00e9 que a popula\u00e7\u00e3o em contato com as pessoas que entendem da \u00e1rea, devem indicar nomes que a gente deve estudar se realmente elas representam a popula\u00e7\u00e3o e representam as demais classes\u201d<\/em>, disse o candidato.<\/p>\n\n\n\n<p>Na tem\u00e1tica de infraestrutura,\nHugo Mendes falou sobre a parceria com o setor empresarial para melhorar o Aeroporto\nde Aragua\u00edna, que hoje oferece poucos voos e apresenta problemas estruturais. <em>\u201cTrazer pra responsabilidade n\u00e3o s\u00f3 do gestor,\nmas como tamb\u00e9m aqueles que representam o povo de Aragua\u00edna, pra de alguma\nforma, junto com o com\u00e9rcio, trazer novos voos\u201d<\/em>, enfatizou Mendes.<\/p>\n\n\n\n<p>Na \u00e1rea da sa\u00fade, Hugo\nMendes apresentou um projeto para melhorar o atendimento da popula\u00e7\u00e3o. <em>\u201cAcho que n\u00f3s temos que descentralizar a\nsa\u00fade. N\u00f3s temos duas UPAS, e a da Vila Norte nunca funcionou. Foi colocada\nagora \u00e0s pressas para poder funcionar na pandemia, mas s\u00f3 pra covid. N\u00f3s\ndevemos colocar ela pra funcionamento pleno. E outra possibilidade \u00e9 a cria\u00e7\u00e3o\ndas Unidades de Atendimento R\u00e1pido. Elas j\u00e1 funcionam em v\u00e1rios estados, tem nomes\ndiferentes, em cidades diferentes. Funcionariam 12 horas no norte, sul, leste e\noeste da nossa cidade, que poderiam atender com raio x, exames de sangue. A popula\u00e7\u00e3o\nconsegue l\u00e1 atender rapidinho com uma febre, uma tosse, uma crise asm\u00e1tica, e\nsem enfrentar aquele grande problema de alta demanda que tem numa \u00fanica UPA para\nmais de 180 mil habitantes. N\u00f3s estar\u00edamos atendendo o setor Barros, Jardim dos\nIp\u00eas 2, Nova Aragua\u00edna e C\u00e9u Azul\u201d<\/em>, explicou o m\u00e9dico.<\/p>\n\n\n\n<p>Ap\u00f3s o fim da Sabatina,\nHugo Mendes falou sobre a iniciativa da Aciara. <em>\u201cEu acho que se mais representantes de sindicatos e entidades fizessem\nisso, n\u00f3s ter\u00edamos uma democracia um pouco mais plena, mais presente da\npopula\u00e7\u00e3o. Nem todos t\u00eam a oportunidade de poder escutar os candidatos, e essa possibilidade\nabre mais um caminho para poder chegar nas casas das pessoas\u201d<\/em>, disse o\ncandidato. <\/p>\n\n\n\n<p>O diretor de Ind\u00fastria da\nAciara, Joaquim Mota, avaliou a pen\u00faltima sabatina. <em>\u201cDiante da posi\u00e7\u00e3o dos candidatos, o nosso eleitor tem mais consci\u00eancia\nna hora de votar. Eu gostei muito da sabatina de hoje porque o candidato falou que\nmuitos dos seus projetos v\u00e3o contar com apoio da Aciara, o Sebrae, Sindicato Rural,\nenfim com as entidades que mexem com o com\u00e9rcio. Esperamos que todos os\ncandidatos tenham essa postura de priorizar a parceria com o setor empresarial\u201d,<\/em>\ndisse Joaquim Mota.<\/p>\n\n\n\n<ul class=\"wp-block-gallery columns-3 is-cropped wp-block-gallery-1 is-layout-flex wp-block-gallery-is-layout-flex\"><li class=\"blocks-gallery-item\"><figure><img decoding=\"async\" width=\"1024\" height=\"683\" src=\"https:\/\/portalaciara.com\/novosite\/wp-content\/uploads\/2020\/10\/DSCN0662-1024x683.jpg\" alt=\"\" data-id=\"15023\" data-link=\"https:\/\/portalaciara.com\/backup\/?attachment_id=15023\" class=\"wp-image-15023\" srcset=\"https:\/\/portalaciara.com\/novosite\/wp-content\/uploads\/2020\/10\/DSCN0662-1024x683.jpg 1024w, https:\/\/portalaciara.com\/novosite\/wp-content\/uploads\/2020\/10\/DSCN0662-300x200.jpg 300w, https:\/\/portalaciara.com\/novosite\/wp-content\/uploads\/2020\/10\/DSCN0662-768x512.jpg 768w\" sizes=\"(max-width: 1024px) 100vw, 1024px\" \/><\/figure><\/li><li class=\"blocks-gallery-item\"><figure><img decoding=\"async\" width=\"1024\" height=\"683\" src=\"https:\/\/portalaciara.com\/novosite\/wp-content\/uploads\/2020\/10\/DSCN0667-1024x683.jpg\" alt=\"\" data-id=\"15024\" data-link=\"https:\/\/portalaciara.com\/backup\/?attachment_id=15024\" class=\"wp-image-15024\" srcset=\"https:\/\/portalaciara.com\/novosite\/wp-content\/uploads\/2020\/10\/DSCN0667-1024x683.jpg 1024w, https:\/\/portalaciara.com\/novosite\/wp-content\/uploads\/2020\/10\/DSCN0667-300x200.jpg 300w, https:\/\/portalaciara.com\/novosite\/wp-content\/uploads\/2020\/10\/DSCN0667-768x512.jpg 768w\" sizes=\"(max-width: 1024px) 100vw, 1024px\" \/><\/figure><\/li><li class=\"blocks-gallery-item\"><figure><img loading=\"lazy\" decoding=\"async\" width=\"1024\" height=\"683\" src=\"https:\/\/portalaciara.com\/novosite\/wp-content\/uploads\/2020\/10\/DSCN0671-1024x683.jpg\" alt=\"\" data-id=\"15025\" data-link=\"https:\/\/portalaciara.com\/backup\/?attachment_id=15025\" class=\"wp-image-15025\" srcset=\"https:\/\/portalaciara.com\/novosite\/wp-content\/uploads\/2020\/10\/DSCN0671-1024x683.jpg 1024w, https:\/\/portalaciara.com\/novosite\/wp-content\/uploads\/2020\/10\/DSCN0671-300x200.jpg 300w, https:\/\/portalaciara.com\/novosite\/wp-content\/uploads\/2020\/10\/DSCN0671-768x512.jpg 768w\" sizes=\"(max-width: 1024px) 100vw, 1024px\" \/><\/figure><\/li><li class=\"blocks-gallery-item\"><figure><img loading=\"lazy\" decoding=\"async\" width=\"1024\" height=\"683\" src=\"https:\/\/portalaciara.com\/novosite\/wp-content\/uploads\/2020\/10\/DSCN0672-1024x683.jpg\" alt=\"\" data-id=\"15026\" data-link=\"https:\/\/portalaciara.com\/backup\/?attachment_id=15026\" class=\"wp-image-15026\" srcset=\"https:\/\/portalaciara.com\/novosite\/wp-content\/uploads\/2020\/10\/DSCN0672-1024x683.jpg 1024w, https:\/\/portalaciara.com\/novosite\/wp-content\/uploads\/2020\/10\/DSCN0672-300x200.jpg 300w, https:\/\/portalaciara.com\/novosite\/wp-content\/uploads\/2020\/10\/DSCN0672-768x512.jpg 768w\" sizes=\"(max-width: 1024px) 100vw, 1024px\" \/><\/figure><\/li><li class=\"blocks-gallery-item\"><figure><img loading=\"lazy\" decoding=\"async\" width=\"1024\" height=\"683\" src=\"https:\/\/portalaciara.com\/novosite\/wp-content\/uploads\/2020\/10\/DSCN0681-1024x683.jpg\" alt=\"\" data-id=\"15027\" data-link=\"https:\/\/portalaciara.com\/backup\/?attachment_id=15027\" class=\"wp-image-15027\" srcset=\"https:\/\/portalaciara.com\/novosite\/wp-content\/uploads\/2020\/10\/DSCN0681-1024x683.jpg 1024w, https:\/\/portalaciara.com\/novosite\/wp-content\/uploads\/2020\/10\/DSCN0681-300x200.jpg 300w, https:\/\/portalaciara.com\/novosite\/wp-content\/uploads\/2020\/10\/DSCN0681-768x512.jpg 768w\" sizes=\"(max-width: 1024px) 100vw, 1024px\" \/><\/figure><\/li><li class=\"blocks-gallery-item\"><figure><img loading=\"lazy\" decoding=\"async\" width=\"1024\" height=\"683\" src=\"https:\/\/portalaciara.com\/novosite\/wp-content\/uploads\/2020\/10\/DSCN0682-1024x683.jpg\" alt=\"\" data-id=\"15030\" data-link=\"https:\/\/portalaciara.com\/backup\/?attachment_id=15030\" class=\"wp-image-15030\" srcset=\"https:\/\/portalaciara.com\/novosite\/wp-content\/uploads\/2020\/10\/DSCN0682-1024x683.jpg 1024w, https:\/\/portalaciara.com\/novosite\/wp-content\/uploads\/2020\/10\/DSCN0682-300x200.jpg 300w, https:\/\/portalaciara.com\/novosite\/wp-content\/uploads\/2020\/10\/DSCN0682-768x512.jpg 768w\" sizes=\"(max-width: 1024px) 100vw, 1024px\" \/><\/figure><\/li><\/ul>\n","protected":false},"excerpt":{"rendered":"<p>O m\u00e9dico, Hugo Weysfield Mendes, 42 anos, do Partido Renovador Trabalhista Brasileiro (PRTB) participou nesta quinta-feira (22) da pen\u00faltima sabatina realizada pela Associa\u00e7\u00e3o Comercial e Industrial de Aragua\u00edna. Na sede da entidade, o candidato e assessores foram recebidos pelo Secret\u00e1rio da Diretoria Executiva da Aciara, Ulysses Ayres e diretores. Do mesmo partido do vice-presidente, o [&hellip;]<\/p>\n","protected":false},"author":2,"featured_media":15020,"comment_status":"open","ping_status":"closed","sticky":false,"template":"","format":"standard","meta":{"footnotes":""},"categories":[493],"tags":[12,588],"class_list":["post-15019","post","type-post","status-publish","format-standard","has-post-thumbnail","hentry","category-noticias","tag-aciara","tag-eleicoes-2020"],"_links":{"self":[{"href":"https:\/\/portalaciara.com\/novosite\/wp-json\/wp\/v2\/posts\/15019","targetHints":{"allow":["GET"]}}],"collection":[{"href":"https:\/\/portalaciara.com\/novosite\/wp-json\/wp\/v2\/posts"}],"about":[{"href":"https:\/\/portalaciara.com\/novosite\/wp-json\/wp\/v2\/types\/post"}],"author":[{"embeddable":true,"href":"https:\/\/portalaciara.com\/novosite\/wp-json\/wp\/v2\/users\/2"}],"replies":[{"embeddable":true,"href":"https:\/\/portalaciara.com\/novosite\/wp-json\/wp\/v2\/comments?post=15019"}],"version-history":[{"count":0,"href":"https:\/\/portalaciara.com\/novosite\/wp-json\/wp\/v2\/posts\/15019\/revisions"}],"wp:featuredmedia":[{"embeddable":true,"href":"https:\/\/portalaciara.com\/novosite\/wp-json\/wp\/v2\/media\/15020"}],"wp:attachment":[{"href":"https:\/\/portalaciara.com\/novosite\/wp-json\/wp\/v2\/media?parent=15019"}],"wp:term":[{"taxonomy":"category","embeddable":true,"href":"https:\/\/portalaciara.com\/novosite\/wp-json\/wp\/v2\/categories?post=15019"},{"taxonomy":"post_tag","embeddable":true,"href":"https:\/\/portalaciara.com\/novosite\/wp-json\/wp\/v2\/tags?post=15019"}],"curies":[{"name":"wp","href":"https:\/\/api.w.org\/{rel}","templated":true}]}}