{"id":14977,"date":"2020-10-15T11:40:24","date_gmt":"2020-10-15T11:40:24","guid":{"rendered":"https:\/\/portalaciara.com\/backup\/?p=14977"},"modified":"2020-10-15T11:40:24","modified_gmt":"2020-10-15T11:40:24","slug":"setembro-registra-queda-de-42-no-numero-de-inadimplentes-no-comercio-de-araguaina","status":"publish","type":"post","link":"https:\/\/portalaciara.com\/novosite\/setembro-registra-queda-de-42-no-numero-de-inadimplentes-no-comercio-de-araguaina\/","title":{"rendered":"Setembro registra queda de 42% no n\u00famero de inadimplentes no com\u00e9rcio de Aragua\u00edna"},"content":{"rendered":"\n<p>O total de inadimplentes em Aragua\u00edna diminuiu em setembro deste ano na compara\u00e7\u00e3o com o mesmo per\u00edodo de 2019. De acordo com os dados do Servi\u00e7o de Prote\u00e7\u00e3o ao Credito (SPC), o n\u00famero de novos registros foi <strong>42,30%<\/strong> menor que o ano anterior, respons\u00e1vel pela inclus\u00e3o de <strong>19.822<\/strong> novos devedores contra <strong>11.437 <\/strong>negativados em 2020.<\/p>\n\n\n\n<p>No comparativo com o m\u00eas de\nagosto, quando teve mais exclus\u00f5es, setembro registrou uma alta da inadimpl\u00eancia,\nmas de acordo com o Diretor do SPC da ACIARA, Alberto Luna, os n\u00fameros podem\nn\u00e3o representar a realidade de um \u00fanico m\u00eas. <em>\u201cEsses n\u00fameros que aumentaram podemos considerar a rotina de algumas\nredes de lojas que usam os nossos servi\u00e7os, e que periodicamente, fazem a\ninclus\u00e3o de muitos devedores de uma s\u00f3 vez. N\u00f3s temos observado esse ciclo de\ngrandes n\u00fameros de inclus\u00f5es num per\u00edodo curto, seguido de per\u00edodos de poucos\nregistros. Esses aumentos n\u00e3o correspondem exatamente a cronologia que tem\nacontecido com os atrasos de pagamentos por parte dos clientes\u201d<\/em>, explicou\nAlberto Luna.<\/p>\n\n\n\n<p>Outro fator que pode justificar o\naumento da inadimpl\u00eancia, em rela\u00e7\u00e3o a agosto, \u00e9 o aquecimento das vendas no com\u00e9rcio.\nUm comportamento at\u00edpico do consumidor levando em conta a crise econ\u00f4mica\ncriada pela pandemia. <em>\u201cO movimento\naumentou porque o consumidor se sentiu mais otimista e passou a comprar. Talvez\nem raz\u00e3o do aux\u00edlio emergencial que trouxe uma inje\u00e7\u00e3o de capital no mercado e fez\ncom que as vendas realmente aumentassem. \u00c9 normal muito deles atrasarem seus\npagamentos. Isso sempre ocorre, mas em seguida eles regularizam a situa\u00e7\u00e3o. Por\nisso, a expectativa para os pr\u00f3ximos meses \u00e9 de aumento no n\u00famero de\ncancelamentos desses novos registros\u201d<\/em>, ressaltou Luna.<\/p>\n\n\n\n<p><strong>Procura por cr\u00e9dito <\/strong><\/p>\n\n\n\n<p>Os dados do SPC tamb\u00e9m mostram\nque a procura por cr\u00e9dito no m\u00eas de setembro ficou um pouco abaixo do que foi\nregistrado em agosto. \u201cAgosto foi um m\u00eas muito bom, at\u00edpico do que ocorre\nnormalmente. Tivemos uma grande procura pelo cr\u00e9dito mesmo dentro do cen\u00e1rio da\npandemia. Podemos considerar que setembro tamb\u00e9m seguiu a mesma tend\u00eancia,\ntendo um movimento comercial expressivo, digamos assim, at\u00e9 que n\u00e3o esperado\npelo mercado, de acordo com a situa\u00e7\u00e3o da pandemia em que vivemos\u201d, disse Alberto\nLuna.<\/p>\n","protected":false},"excerpt":{"rendered":"<p>O total de inadimplentes em Aragua\u00edna diminuiu em setembro deste ano na compara\u00e7\u00e3o com o mesmo per\u00edodo de 2019. De acordo com os dados do Servi\u00e7o de Prote\u00e7\u00e3o ao Credito (SPC), o n\u00famero de novos registros foi 42,30% menor que o ano anterior, respons\u00e1vel pela inclus\u00e3o de 19.822 novos devedores contra 11.437 negativados em 2020. [&hellip;]<\/p>\n","protected":false},"author":2,"featured_media":14978,"comment_status":"open","ping_status":"closed","sticky":false,"template":"","format":"standard","meta":{"footnotes":""},"categories":[493],"tags":[516,122,56,235,45,151,41],"class_list":["post-14977","post","type-post","status-publish","format-standard","has-post-thumbnail","hentry","category-noticias","tag-aciara-associacao-empresarios-araguaina","tag-araguaina","tag-comercio","tag-economia","tag-empresarios","tag-inadimplencia","tag-spc"],"_links":{"self":[{"href":"https:\/\/portalaciara.com\/novosite\/wp-json\/wp\/v2\/posts\/14977","targetHints":{"allow":["GET"]}}],"collection":[{"href":"https:\/\/portalaciara.com\/novosite\/wp-json\/wp\/v2\/posts"}],"about":[{"href":"https:\/\/portalaciara.com\/novosite\/wp-json\/wp\/v2\/types\/post"}],"author":[{"embeddable":true,"href":"https:\/\/portalaciara.com\/novosite\/wp-json\/wp\/v2\/users\/2"}],"replies":[{"embeddable":true,"href":"https:\/\/portalaciara.com\/novosite\/wp-json\/wp\/v2\/comments?post=14977"}],"version-history":[{"count":0,"href":"https:\/\/portalaciara.com\/novosite\/wp-json\/wp\/v2\/posts\/14977\/revisions"}],"wp:featuredmedia":[{"embeddable":true,"href":"https:\/\/portalaciara.com\/novosite\/wp-json\/wp\/v2\/media\/14978"}],"wp:attachment":[{"href":"https:\/\/portalaciara.com\/novosite\/wp-json\/wp\/v2\/media?parent=14977"}],"wp:term":[{"taxonomy":"category","embeddable":true,"href":"https:\/\/portalaciara.com\/novosite\/wp-json\/wp\/v2\/categories?post=14977"},{"taxonomy":"post_tag","embeddable":true,"href":"https:\/\/portalaciara.com\/novosite\/wp-json\/wp\/v2\/tags?post=14977"}],"curies":[{"name":"wp","href":"https:\/\/api.w.org\/{rel}","templated":true}]}}