{"id":14887,"date":"2020-09-18T12:35:40","date_gmt":"2020-09-18T12:35:40","guid":{"rendered":"https:\/\/portalaciara.com\/backup\/?p=14887"},"modified":"2020-09-18T12:35:40","modified_gmt":"2020-09-18T12:35:40","slug":"aciara-pede-cancelamento-das-restricoes-de-horarios-no-comercio-de-araguaina","status":"publish","type":"post","link":"https:\/\/portalaciara.com\/novosite\/aciara-pede-cancelamento-das-restricoes-de-horarios-no-comercio-de-araguaina\/","title":{"rendered":"ACIARA pede cancelamento das restri\u00e7\u00f5es de hor\u00e1rios no com\u00e9rcio de Aragua\u00edna"},"content":{"rendered":"\n<p>A Associa\u00e7\u00e3o Comercial e\nIndustrial de Aragua\u00edna encaminhou um of\u00edcio na \u00faltima ter\u00e7a-feira, 15, ao\nprefeito Ronaldo Dimas solicitando o cancelamento das restri\u00e7\u00f5es de hor\u00e1rio de\nfuncionamento do com\u00e9rcio, previstas nos Par\u00e1grafos Quarto, Quinto e Sexto do\nArt. 8\u00b0 do Decreto n\u00b0 227\/2020.<\/p>\n\n\n\n<p>A queda no \u00edndice de\ninterna\u00e7\u00e3o de pacientes com covid-19 nas unidades hospitalares e a constru\u00e7\u00e3o do\nHospital Municipal, que vai ofertar mais de 60 leitos em Aragua\u00edna, mostram um\ncen\u00e1rio de estabilidade diante das a\u00e7\u00f5es de enfrentamento \u00e0 pandemia. <\/p>\n\n\n\n<p>Com as medidas sanit\u00e1rias\nadotadas pelas empresas \u2013 como o uso de m\u00e1scaras, distanciamento social e a\noferta de \u00e1lcool 70 em gel &#8211; as condi\u00e7\u00f5es s\u00e3o favor\u00e1veis para o restabelecimento\ndos hor\u00e1rios normais de atendimento, como vem acontecendo em Palmas e no\nrestante do pa\u00eds.<\/p>\n\n\n\n<p>A amplia\u00e7\u00e3o do hor\u00e1rio tamb\u00e9m\npossibilitar\u00e1 a dilui\u00e7\u00e3o do fluxo de funcion\u00e1rios e consumidores, e\nconsequentemente, a diminui\u00e7\u00e3o dos riscos de cont\u00e1gio da doen\u00e7a no interior do\nestabelecimento. <\/p>\n\n\n\n<p>A ACIARA reafirma a parceria\nentre a entidade e o poder p\u00fablico, na promo\u00e7\u00e3o de medidas de preserva\u00e7\u00e3o da\nvida em paralelo \u00e0 preserva\u00e7\u00e3o da economia, e se coloca \u00e0 disposi\u00e7\u00e3o para o\ndebate sobre o assunto.<\/p>\n","protected":false},"excerpt":{"rendered":"<p>A Associa\u00e7\u00e3o Comercial e Industrial de Aragua\u00edna encaminhou um of\u00edcio na \u00faltima ter\u00e7a-feira, 15, ao prefeito Ronaldo Dimas solicitando o cancelamento das restri\u00e7\u00f5es de hor\u00e1rio de funcionamento do com\u00e9rcio, previstas nos Par\u00e1grafos Quarto, Quinto e Sexto do Art. 8\u00b0 do Decreto n\u00b0 227\/2020. A queda no \u00edndice de interna\u00e7\u00e3o de pacientes com covid-19 nas unidades [&hellip;]<\/p>\n","protected":false},"author":2,"featured_media":14888,"comment_status":"open","ping_status":"closed","sticky":false,"template":"","format":"standard","meta":{"footnotes":""},"categories":[493],"tags":[12,56,518],"class_list":["post-14887","post","type-post","status-publish","format-standard","has-post-thumbnail","hentry","category-noticias","tag-aciara","tag-comercio","tag-covid-19"],"_links":{"self":[{"href":"https:\/\/portalaciara.com\/novosite\/wp-json\/wp\/v2\/posts\/14887","targetHints":{"allow":["GET"]}}],"collection":[{"href":"https:\/\/portalaciara.com\/novosite\/wp-json\/wp\/v2\/posts"}],"about":[{"href":"https:\/\/portalaciara.com\/novosite\/wp-json\/wp\/v2\/types\/post"}],"author":[{"embeddable":true,"href":"https:\/\/portalaciara.com\/novosite\/wp-json\/wp\/v2\/users\/2"}],"replies":[{"embeddable":true,"href":"https:\/\/portalaciara.com\/novosite\/wp-json\/wp\/v2\/comments?post=14887"}],"version-history":[{"count":0,"href":"https:\/\/portalaciara.com\/novosite\/wp-json\/wp\/v2\/posts\/14887\/revisions"}],"wp:featuredmedia":[{"embeddable":true,"href":"https:\/\/portalaciara.com\/novosite\/wp-json\/wp\/v2\/media\/14888"}],"wp:attachment":[{"href":"https:\/\/portalaciara.com\/novosite\/wp-json\/wp\/v2\/media?parent=14887"}],"wp:term":[{"taxonomy":"category","embeddable":true,"href":"https:\/\/portalaciara.com\/novosite\/wp-json\/wp\/v2\/categories?post=14887"},{"taxonomy":"post_tag","embeddable":true,"href":"https:\/\/portalaciara.com\/novosite\/wp-json\/wp\/v2\/tags?post=14887"}],"curies":[{"name":"wp","href":"https:\/\/api.w.org\/{rel}","templated":true}]}}