{"id":14860,"date":"2020-09-10T12:39:32","date_gmt":"2020-09-10T12:39:32","guid":{"rendered":"https:\/\/portalaciara.com\/backup\/?p=14860"},"modified":"2020-09-10T12:39:32","modified_gmt":"2020-09-10T12:39:32","slug":"prevencao-do-suicidio-como-identificar-sinais-dentro-das-empresas","status":"publish","type":"post","link":"https:\/\/portalaciara.com\/novosite\/prevencao-do-suicidio-como-identificar-sinais-dentro-das-empresas\/","title":{"rendered":"Preven\u00e7\u00e3o do suic\u00eddio: como identificar sinais dentro das empresas"},"content":{"rendered":"\n<p>Nesta quinta-feira, dia 10 de setembro, \u00e9 o <strong>Dia Mundial de Preven\u00e7\u00e3o ao Suic\u00eddio<\/strong>. De acordo com a Organiza\u00e7\u00e3o Mundial da Sa\u00fade (OMS), cerca de 800 mil pessoas morrem por suic\u00eddio todos os anos, sendo a segunda principal causa de mortes entre jovens com idades entre 15 e 29 anos. No Brasil, <strong>Setembro Amarelo<\/strong> chama aten\u00e7\u00e3o para o tema.<\/p>\n\n\n\n<p>Nas empresas, os colaboradores e\ngestores tamb\u00e9m podem contribuir identificando, agindo e prevenindo\ncomportamento suicida entre os colegas. Por isso, fique atento aos sinais:<\/p>\n\n\n\n<p>&#8211; Aparecimento ou agravamento de\nproblemas de conduta ou de manifesta\u00e7\u00f5es verbais. Essas manifesta\u00e7\u00f5es n\u00e3o devem\nser interpretadas como amea\u00e7as nem como chantagens emocionais, mas sim como\navisos de alerta para um risco real.<\/p>\n\n\n\n<p>&#8211; As pessoas sob risco de\nsuic\u00eddio costumam falar sobre morte mais do que o comum. Confessam falta de\nesperan\u00e7a, culpa, falta de autoestima e t\u00eam vis\u00e3o negativa de sua vida e do futuro.\n<\/p>\n\n\n\n<p>&#8211; Fiquem atentos para os\ncoment\u00e1rios: <\/p>\n\n\n\n<p>&#8220;Vou desaparecer.\u201d<\/p>\n\n\n\n<p>\u201cVou deixar voc\u00eas em paz.\u201d<\/p>\n\n\n\n<p>\u201cEu queria poder dormir e nunca\nmais acordar.\u201d<\/p>\n\n\n\n<p>\u201c\u00c9 in\u00fatil tentar fazer algo para\nmudar, eu s\u00f3 quero me matar.\u201d<\/p>\n\n\n\n<p>&#8211; As pessoas com pensamentos\nsuicidas podem se isolar, n\u00e3o atendendo a telefonemas, interagindo menos nas\nredes sociais.<\/p>\n\n\n\n<p><strong>O que fazer?<\/strong><\/p>\n\n\n\n<p>Encontre um momento apropriado e\num lugar calmo para falar sobre suic\u00eddio com essa pessoa. Deixe-a saber que\nvoc\u00ea est\u00e1 l\u00e1 para ouvir, ou\u00e7a-a com a mente aberta e ofere\u00e7a seu apoio.<\/p>\n\n\n\n<p>Incentive a pessoa a procurar\najuda de profissionais de servi\u00e7os de sa\u00fade, de sa\u00fade mental, de emerg\u00eancia ou\napoio em algum servi\u00e7o p\u00fablico. Ofere\u00e7a-se para acompanh\u00e1-la a um atendimento.<\/p>\n\n\n\n<p>Se voc\u00ea acha que essa pessoa est\u00e1\nem perigo imediato, n\u00e3o a deixe sozinha. Procure ajuda de profissionais de\nservi\u00e7os de sa\u00fade, de emerg\u00eancia e entre em contato com algu\u00e9m de confian\u00e7a,\nindicado pela pr\u00f3pria pessoa<\/p>\n\n\n\n<p>No Brasil, o <strong>CVV \u2013 Centro de Valoriza\u00e7\u00e3o da Vida<\/strong> realiza apoio emocional e preven\u00e7\u00e3o do suic\u00eddio, atendendo volunt\u00e1ria e gratuitamente todas as pessoas que querem e precisam conversar, sob total sigilo.<strong> Basta discar 188<\/strong>.<\/p>\n\n\n\n<p><strong>(Fonte: Minist\u00e9rio da Sa\u00fade)<\/strong><\/p>\n","protected":false},"excerpt":{"rendered":"<p>Nesta quinta-feira, dia 10 de setembro, \u00e9 o Dia Mundial de Preven\u00e7\u00e3o ao Suic\u00eddio. De acordo com a Organiza\u00e7\u00e3o Mundial da Sa\u00fade (OMS), cerca de 800 mil pessoas morrem por suic\u00eddio todos os anos, sendo a segunda principal causa de mortes entre jovens com idades entre 15 e 29 anos. No Brasil, Setembro Amarelo chama [&hellip;]<\/p>\n","protected":false},"author":2,"featured_media":14861,"comment_status":"open","ping_status":"closed","sticky":false,"template":"","format":"standard","meta":{"footnotes":""},"categories":[493],"tags":[12,289,522,572,573],"class_list":["post-14860","post","type-post","status-publish","format-standard","has-post-thumbnail","hentry","category-noticias","tag-aciara","tag-empresas","tag-prevencao","tag-setembro-amarelo","tag-suicidio"],"_links":{"self":[{"href":"https:\/\/portalaciara.com\/novosite\/wp-json\/wp\/v2\/posts\/14860","targetHints":{"allow":["GET"]}}],"collection":[{"href":"https:\/\/portalaciara.com\/novosite\/wp-json\/wp\/v2\/posts"}],"about":[{"href":"https:\/\/portalaciara.com\/novosite\/wp-json\/wp\/v2\/types\/post"}],"author":[{"embeddable":true,"href":"https:\/\/portalaciara.com\/novosite\/wp-json\/wp\/v2\/users\/2"}],"replies":[{"embeddable":true,"href":"https:\/\/portalaciara.com\/novosite\/wp-json\/wp\/v2\/comments?post=14860"}],"version-history":[{"count":0,"href":"https:\/\/portalaciara.com\/novosite\/wp-json\/wp\/v2\/posts\/14860\/revisions"}],"wp:featuredmedia":[{"embeddable":true,"href":"https:\/\/portalaciara.com\/novosite\/wp-json\/wp\/v2\/media\/14861"}],"wp:attachment":[{"href":"https:\/\/portalaciara.com\/novosite\/wp-json\/wp\/v2\/media?parent=14860"}],"wp:term":[{"taxonomy":"category","embeddable":true,"href":"https:\/\/portalaciara.com\/novosite\/wp-json\/wp\/v2\/categories?post=14860"},{"taxonomy":"post_tag","embeddable":true,"href":"https:\/\/portalaciara.com\/novosite\/wp-json\/wp\/v2\/tags?post=14860"}],"curies":[{"name":"wp","href":"https:\/\/api.w.org\/{rel}","templated":true}]}}