{"id":14829,"date":"2020-09-04T14:15:07","date_gmt":"2020-09-04T14:15:07","guid":{"rendered":"https:\/\/portalaciara.com\/backup\/?p=14829"},"modified":"2020-09-04T14:15:07","modified_gmt":"2020-09-04T14:15:07","slug":"nota-pelo-falecimento-de-jose-francisco-da-silva-concesso","status":"publish","type":"post","link":"https:\/\/portalaciara.com\/novosite\/nota-pelo-falecimento-de-jose-francisco-da-silva-concesso\/","title":{"rendered":"Nota pelo falecimento de  Jos\u00e9 Francisco da Silva Concesso"},"content":{"rendered":"\n<p>\u00c9 com profundo pesar que a Associa\u00e7\u00e3o Comercial e Industrial de\nAragua\u00edna, em nome de sua presidente, H\u00e9lida Dantas, e de todos os diretores e\nassociados, lamenta a morte do professor e\nescritor, Jos\u00e9 Francisco da Silva Concesso, aos 84 anos, por complica\u00e7\u00f5es da\ncovid-19. <\/p>\n\n\n\n<p>O Tocantins e principalmente, Aragua\u00edna, perdem um\ngrande homem que contribuiu com a educa\u00e7\u00e3o e forma\u00e7\u00e3o liter\u00e1ria de muitos jovens.\nO professor Concesso foi fundador da Academia de Letras de Aragua\u00edna e Norte Tocantinense\n(Acalanto) e integrava a Academia Tocantinense de Letras (ATL).<\/p>\n\n\n\n<p>Neste momento de dor, a ACIARA presta os mais sinceros sentimentos de\nsolidariedade \u00e0 fam\u00edlia e aos amigos.<\/p>\n\n\n\n<figure class=\"wp-block-image is-resized\"><img decoding=\"async\" src=\"https:\/\/portalaciara.com\/novosite\/wp-content\/uploads\/2020\/09\/ASSINATURA-HELIDA-1024x394.png\" alt=\"\" class=\"wp-image-14830\" width=\"88\" height=\"33\" srcset=\"https:\/\/portalaciara.com\/novosite\/wp-content\/uploads\/2020\/09\/ASSINATURA-HELIDA-1024x394.png 1024w, https:\/\/portalaciara.com\/novosite\/wp-content\/uploads\/2020\/09\/ASSINATURA-HELIDA-300x115.png 300w, https:\/\/portalaciara.com\/novosite\/wp-content\/uploads\/2020\/09\/ASSINATURA-HELIDA-768x295.png 768w, https:\/\/portalaciara.com\/novosite\/wp-content\/uploads\/2020\/09\/ASSINATURA-HELIDA.png 1500w\" sizes=\"(max-width: 88px) 100vw, 88px\" \/><\/figure>\n\n\n\n<p>H\u00e9lida Dantas<\/p>\n\n\n\n<p>Presidente da ACIARA<\/p>\n","protected":false},"excerpt":{"rendered":"<p>\u00c9 com profundo pesar que a Associa\u00e7\u00e3o Comercial e Industrial de Aragua\u00edna, em nome de sua presidente, H\u00e9lida Dantas, e de todos os diretores e associados, lamenta a morte do professor e escritor, Jos\u00e9 Francisco da Silva Concesso, aos 84 anos, por complica\u00e7\u00f5es da covid-19. O Tocantins e principalmente, Aragua\u00edna, perdem um grande homem que [&hellip;]<\/p>\n","protected":false},"author":2,"featured_media":14831,"comment_status":"open","ping_status":"closed","sticky":false,"template":"","format":"standard","meta":{"footnotes":""},"categories":[493],"tags":[12,571,536],"class_list":["post-14829","post","type-post","status-publish","format-standard","has-post-thumbnail","hentry","category-noticias","tag-aciara","tag-jose-francisco-da-silva-concesso","tag-nota-de-falecimento"],"_links":{"self":[{"href":"https:\/\/portalaciara.com\/novosite\/wp-json\/wp\/v2\/posts\/14829","targetHints":{"allow":["GET"]}}],"collection":[{"href":"https:\/\/portalaciara.com\/novosite\/wp-json\/wp\/v2\/posts"}],"about":[{"href":"https:\/\/portalaciara.com\/novosite\/wp-json\/wp\/v2\/types\/post"}],"author":[{"embeddable":true,"href":"https:\/\/portalaciara.com\/novosite\/wp-json\/wp\/v2\/users\/2"}],"replies":[{"embeddable":true,"href":"https:\/\/portalaciara.com\/novosite\/wp-json\/wp\/v2\/comments?post=14829"}],"version-history":[{"count":0,"href":"https:\/\/portalaciara.com\/novosite\/wp-json\/wp\/v2\/posts\/14829\/revisions"}],"wp:featuredmedia":[{"embeddable":true,"href":"https:\/\/portalaciara.com\/novosite\/wp-json\/wp\/v2\/media\/14831"}],"wp:attachment":[{"href":"https:\/\/portalaciara.com\/novosite\/wp-json\/wp\/v2\/media?parent=14829"}],"wp:term":[{"taxonomy":"category","embeddable":true,"href":"https:\/\/portalaciara.com\/novosite\/wp-json\/wp\/v2\/categories?post=14829"},{"taxonomy":"post_tag","embeddable":true,"href":"https:\/\/portalaciara.com\/novosite\/wp-json\/wp\/v2\/tags?post=14829"}],"curies":[{"name":"wp","href":"https:\/\/api.w.org\/{rel}","templated":true}]}}