{"id":14789,"date":"2020-08-13T19:04:29","date_gmt":"2020-08-13T19:04:29","guid":{"rendered":"https:\/\/portalaciara.com\/backup\/?p=14789"},"modified":"2020-08-13T19:04:29","modified_gmt":"2020-08-13T19:04:29","slug":"sebrae-inscreve-para-empretec-summit-brasil-2020","status":"publish","type":"post","link":"https:\/\/portalaciara.com\/novosite\/sebrae-inscreve-para-empretec-summit-brasil-2020\/","title":{"rendered":"Sebrae realiza Empretec Summit Brasil 2020"},"content":{"rendered":"\n<p>Continuam abertas as inscri\u00e7\u00f5es para o\nEmpretec Summit Brasil 2020, evento realizado pelo SEBRAE e destinado aos que\nj\u00e1 participaram do semin\u00e1rio Empretec ou quem deseja participar. \u00c9 a oportunidade\npara realizar troca de experi\u00eancias e conhecimento por meio do ambiente\ndigital.&nbsp;<\/p>\n\n\n\n<p>O evento, totalmente online, ser\u00e1\nrealizado nos dias <strong>18\/08 a 20\/08<\/strong> e\noferecer\u00e1: <\/p>\n\n\n\n<p>\u00b7&nbsp;Palestras\ne pain\u00e9is com grandes nomes do mercado<\/p>\n\n\n\n<p>\u00b7&nbsp;Ambiente\ngamificado<\/p>\n\n\n\n<p>\u00b7&nbsp;Palcos\ntem\u00e1ticos<\/p>\n\n\n\n<p>\u00b7&nbsp;Espa\u00e7o\nCaf\u00e9 para Networking<\/p>\n\n\n\n<p>\u00b7&nbsp;Espa\u00e7o\nde Neg\u00f3cios \u2013 Rodada de Neg\u00f3cios Virtual<\/p>\n\n\n\n<p>\u00b7&nbsp;Biblioteca\nDigital \u2013 Download de conte\u00fados gratuitos<\/p>\n\n\n\n<p>\u00b7&nbsp;Oficinas\ndas CCE\u00b4s, relacionamento e tend\u00eancias<\/p>\n\n\n\n<p>\u00b7&nbsp;Intera\u00e7\u00e3o\ne conex\u00e3o &#8211; Facilitadores do Empretec, palestrantes e outros participantes<\/p>\n\n\n\n<p>Com um investimento de R$ 30,00, o\nparticipante ter\u00e1 acesso \u00e0s informa\u00e7\u00f5es sobre a tend\u00eancia no mercado, os \u00faltimos\nacontecimentos\ndo mundo digital, al\u00e9m de se conectar com as pessoas, renovando ideias e\nampliando as conex\u00f5es.<\/p>\n\n\n\n<p>Para se\ninscrever, basta acessar o site do Sebrae:<\/p>\n\n\n\n<figure class=\"wp-block-embed\"><div class=\"wp-block-embed__wrapper\">\nhttps:\/\/www.sebrae.com.br\/sites\/PortalSebrae\n<\/div><\/figure>\n","protected":false},"excerpt":{"rendered":"<p>Continuam abertas as inscri\u00e7\u00f5es para o Empretec Summit Brasil 2020, evento realizado pelo SEBRAE e destinado aos que j\u00e1 participaram do semin\u00e1rio Empretec ou quem deseja participar. \u00c9 a oportunidade para realizar troca de experi\u00eancias e conhecimento por meio do ambiente digital.&nbsp; O evento, totalmente online, ser\u00e1 realizado nos dias 18\/08 a 20\/08 e oferecer\u00e1: [&hellip;]<\/p>\n","protected":false},"author":2,"featured_media":14790,"comment_status":"open","ping_status":"closed","sticky":false,"template":"","format":"standard","meta":{"footnotes":""},"categories":[493],"tags":[12,440,45,565,40],"class_list":["post-14789","post","type-post","status-publish","format-standard","has-post-thumbnail","hentry","category-noticias","tag-aciara","tag-digital","tag-empresarios","tag-empretec","tag-sebrae"],"_links":{"self":[{"href":"https:\/\/portalaciara.com\/novosite\/wp-json\/wp\/v2\/posts\/14789","targetHints":{"allow":["GET"]}}],"collection":[{"href":"https:\/\/portalaciara.com\/novosite\/wp-json\/wp\/v2\/posts"}],"about":[{"href":"https:\/\/portalaciara.com\/novosite\/wp-json\/wp\/v2\/types\/post"}],"author":[{"embeddable":true,"href":"https:\/\/portalaciara.com\/novosite\/wp-json\/wp\/v2\/users\/2"}],"replies":[{"embeddable":true,"href":"https:\/\/portalaciara.com\/novosite\/wp-json\/wp\/v2\/comments?post=14789"}],"version-history":[{"count":0,"href":"https:\/\/portalaciara.com\/novosite\/wp-json\/wp\/v2\/posts\/14789\/revisions"}],"wp:featuredmedia":[{"embeddable":true,"href":"https:\/\/portalaciara.com\/novosite\/wp-json\/wp\/v2\/media\/14790"}],"wp:attachment":[{"href":"https:\/\/portalaciara.com\/novosite\/wp-json\/wp\/v2\/media?parent=14789"}],"wp:term":[{"taxonomy":"category","embeddable":true,"href":"https:\/\/portalaciara.com\/novosite\/wp-json\/wp\/v2\/categories?post=14789"},{"taxonomy":"post_tag","embeddable":true,"href":"https:\/\/portalaciara.com\/novosite\/wp-json\/wp\/v2\/tags?post=14789"}],"curies":[{"name":"wp","href":"https:\/\/api.w.org\/{rel}","templated":true}]}}