{"id":14729,"date":"2020-07-03T01:19:37","date_gmt":"2020-07-03T01:19:37","guid":{"rendered":"https:\/\/portalaciara.com\/backup\/?p=14729"},"modified":"2020-07-03T01:19:37","modified_gmt":"2020-07-03T01:19:37","slug":"vice-presidente-da-aciara-assume-presidencia-do-rotary-clube","status":"publish","type":"post","link":"https:\/\/portalaciara.com\/novosite\/vice-presidente-da-aciara-assume-presidencia-do-rotary-clube\/","title":{"rendered":"Vice-presidente da ACIARA assume presid\u00eancia do Rotary Club Aragua\u00edna Lago Azul"},"content":{"rendered":"\n<p>Uma cerim\u00f4nia diferente por causa da pandemia da covid-19. A transmiss\u00e3o de posse do novo Conselho Diretor do Rotary Club Aragua\u00edna Lago Azul, 2020-2021, na noite desta quarta-feira, 01, foi feita atrav\u00e9s de reuni\u00e3o remota. O empres\u00e1rio Denilson Silva, \u00e9 o mais novo presidente da entidade. Ele tamb\u00e9m \u00e9 vice-presidente da Associa\u00e7\u00e3o Comercial e Industrial de Aragua\u00edna e substitui o empres\u00e1rio Manoel de Assis, presidente do Rotary 2019-2020.<\/p>\n\n\n\n<figure class=\"wp-block-image\"><img fetchpriority=\"high\" decoding=\"async\" width=\"951\" height=\"1024\" src=\"https:\/\/portalaciara.com\/novosite\/wp-content\/uploads\/2020\/07\/Denilson-1-951x1024.jpg\" alt=\"\" class=\"wp-image-14746\" srcset=\"https:\/\/portalaciara.com\/novosite\/wp-content\/uploads\/2020\/07\/Denilson-1-951x1024.jpg 951w, https:\/\/portalaciara.com\/novosite\/wp-content\/uploads\/2020\/07\/Denilson-1-279x300.jpg 279w, https:\/\/portalaciara.com\/novosite\/wp-content\/uploads\/2020\/07\/Denilson-1-768x827.jpg 768w\" sizes=\"(max-width: 951px) 100vw, 951px\" \/><\/figure>\n\n\n\n<p>A Festiva de Posse iniciou com\no hino nacional e logo depois, teve a b\u00ean\u00e7\u00e3o do padre Zenildo Rosa que destacou\no lema do Rotary. \u201c<strong><em>Dar de si, antes de pensar em si<\/em><\/strong>. Usando as palavras de Jesus,\neu digo, v\u00f3s sois o sal da terra. Ora, se o sal se tornar insosso, com que o\nsalgaremos? O Rotary \u00e9 sal no mundo. \u00c9 muito louv\u00e1vel o que voc\u00eas, do Rotary,\nrealizam para ajudar tantas pessoas. Rezo por todos voc\u00eas e em especial, o\nDenilson\u201d, enfatizou o padre.<\/p>\n\n\n\n<figure class=\"wp-block-image\"><img decoding=\"async\" width=\"1010\" height=\"548\" src=\"https:\/\/portalaciara.com\/novosite\/wp-content\/uploads\/2020\/07\/WhatsApp-Image-2020-07-02-at-22.07.22.jpeg\" alt=\"\" class=\"wp-image-14731\" srcset=\"https:\/\/portalaciara.com\/novosite\/wp-content\/uploads\/2020\/07\/WhatsApp-Image-2020-07-02-at-22.07.22.jpeg 1010w, https:\/\/portalaciara.com\/novosite\/wp-content\/uploads\/2020\/07\/WhatsApp-Image-2020-07-02-at-22.07.22-300x163.jpeg 300w, https:\/\/portalaciara.com\/novosite\/wp-content\/uploads\/2020\/07\/WhatsApp-Image-2020-07-02-at-22.07.22-768x417.jpeg 768w\" sizes=\"(max-width: 1010px) 100vw, 1010px\" \/><\/figure>\n\n\n\n<p>Manoel de Assis destacou as\nempresas cidad\u00e3s que contribu\u00edram com o Rotary e apresentou cinco novos\nassociados. No seu discurso, Manoel agradeceu o apoio do conselho diretor,\ncitou algumas realiza\u00e7\u00f5es de sua gest\u00e3o e falou da pandemia. \u201cO lema <strong><em>Rotary\nConecta o Mundo<\/em><\/strong> caiu como uma luva porque ao depararmos com a pandemia da\ncovid-19 no mundo, tivemos que pensar em uma nova forma de se conectar. O\nRotary soube tirar proveito, instituindo novos meios, nos integrando no ideal\nde servir. Um novo ano Rotary inicia hoje. Com ele, o nosso desejo para que o\ncompanheiro Denilson tenha um ano de muitas realiza\u00e7\u00f5es\u201d.<\/p>\n\n\n\n<ul class=\"wp-block-gallery columns-2 is-cropped wp-block-gallery-1 is-layout-flex wp-block-gallery-is-layout-flex\"><li class=\"blocks-gallery-item\"><figure><img decoding=\"async\" width=\"968\" height=\"594\" src=\"https:\/\/portalaciara.com\/novosite\/wp-content\/uploads\/2020\/07\/WhatsApp-Image-2020-07-02-at-09.55.51.jpeg\" alt=\"\" data-id=\"14732\" class=\"wp-image-14732\" srcset=\"https:\/\/portalaciara.com\/novosite\/wp-content\/uploads\/2020\/07\/WhatsApp-Image-2020-07-02-at-09.55.51.jpeg 968w, https:\/\/portalaciara.com\/novosite\/wp-content\/uploads\/2020\/07\/WhatsApp-Image-2020-07-02-at-09.55.51-300x184.jpeg 300w, https:\/\/portalaciara.com\/novosite\/wp-content\/uploads\/2020\/07\/WhatsApp-Image-2020-07-02-at-09.55.51-768x471.jpeg 768w\" sizes=\"(max-width: 968px) 100vw, 968px\" \/><\/figure><\/li><li class=\"blocks-gallery-item\"><figure><img loading=\"lazy\" decoding=\"async\" width=\"935\" height=\"539\" src=\"https:\/\/portalaciara.com\/novosite\/wp-content\/uploads\/2020\/07\/WhatsApp-Image-2020-07-02-at-22.09.03.jpeg\" alt=\"\" data-id=\"14733\" data-link=\"https:\/\/portalaciara.com\/backup\/?attachment_id=14733\" class=\"wp-image-14733\" srcset=\"https:\/\/portalaciara.com\/novosite\/wp-content\/uploads\/2020\/07\/WhatsApp-Image-2020-07-02-at-22.09.03.jpeg 935w, https:\/\/portalaciara.com\/novosite\/wp-content\/uploads\/2020\/07\/WhatsApp-Image-2020-07-02-at-22.09.03-300x173.jpeg 300w, https:\/\/portalaciara.com\/novosite\/wp-content\/uploads\/2020\/07\/WhatsApp-Image-2020-07-02-at-22.09.03-768x443.jpeg 768w\" sizes=\"(max-width: 935px) 100vw, 935px\" \/><\/figure><\/li><\/ul>\n\n\n\n<p>Mais de 60 pessoas assistiram a posse de Denilson Silva, que tamb\u00e9m recebeu mensagens de v\u00e1rios governadores distritais. Na ocasi\u00e3o, ele apresentou a Galeria dos Presidentes, que re\u00fane fotos de Marcos Zingler, Helen Montes, Flavio Suzuki e Manoel de Assis que j\u00e1 presidiram a entidade. \u201cTodos os presidentes est\u00e3o hoje no club e com apoio deles, tenho certeza que farei uma grande gest\u00e3o\u201d, disse Denilson.<\/p>\n\n\n\n<p>Na mesa diretora, tamb\u00e9m estavam presentes Gislene Zucolotto Silva, Alberto Souza Brito, Giulia Zucolotto Silva e Bruno Ac\u00e1cio. Na ocasi\u00e3o, o Governador Distrital do Rotary, Alberto Brito, foi admitido no Rotary Internacional, na categoria de associado honor\u00e1rio do Rotary Club de Aragua\u00edna Lago Azul.<\/p>\n\n\n\n<p>Com o lema <strong><em>\u201cO\nRotary abre oportunidades\u201d<\/em><\/strong>, o novo presidente enfatizou que a entidade\ntem muitas portas para abrir em Aragua\u00edna, Tocantins e no Brasil. \u201cQuero dizer\npara a nossa governadora distrital, Vera Lucia \u00c1vila, que vou precisar muito de\nvoc\u00ea e de sua equipe e que podes contar comigo e com o clube. Eu vou fazer de\ntudo para levar o Rotary no patamar que Manoel deixou. Muito obrigado a todos\npela oportunidade\u201d, concluiu Denilson. <\/p>\n\n\n\n<figure class=\"wp-block-image\"><img loading=\"lazy\" decoding=\"async\" width=\"826\" height=\"471\" src=\"https:\/\/portalaciara.com\/novosite\/wp-content\/uploads\/2020\/07\/WhatsApp-Image-2020-07-02-at-22.11.41.jpeg\" alt=\"\" class=\"wp-image-14734\" srcset=\"https:\/\/portalaciara.com\/novosite\/wp-content\/uploads\/2020\/07\/WhatsApp-Image-2020-07-02-at-22.11.41.jpeg 826w, https:\/\/portalaciara.com\/novosite\/wp-content\/uploads\/2020\/07\/WhatsApp-Image-2020-07-02-at-22.11.41-300x171.jpeg 300w, https:\/\/portalaciara.com\/novosite\/wp-content\/uploads\/2020\/07\/WhatsApp-Image-2020-07-02-at-22.11.41-768x438.jpeg 768w\" sizes=\"(max-width: 826px) 100vw, 826px\" \/><\/figure>\n\n\n\n<p>A Transmiss\u00e3o de cargos da\nGovernadoria do Distrito 4530, com a posse de Vera Lucia Barrela \u00c1vila, ser\u00e1\nrealizada no pr\u00f3ximo dia 4 de julho, \u00e0s 17h, com transmiss\u00e3o pelo youtube.<\/p>\n\n\n\n<p><strong>Conselho Diretor<\/strong><\/p>\n\n\n\n<p>Ronan Garcia \u2013 Vice-presidente<\/p>\n\n\n\n<p>Marcos Zingler \u2013 Secret\u00e1rio <\/p>\n\n\n\n<p>C\u00edcero Batista \u2013 Tesoureiro<\/p>\n\n\n\n<p>Maxciel coelho \u2013 Diretor de Protocolo\n<\/p>\n\n\n\n<p><strong>Presidentes de Comiss\u00e3o<\/strong><\/p>\n\n\n\n<p>Flaviana Neiva \u2013 Comiss\u00e3o de Administra\u00e7\u00e3o<\/p>\n\n\n\n<p>Flavio Susuki \u2013 Comiss\u00e3o de Desenvolvimento\ndo Quadro Associativo<\/p>\n\n\n\n<p>Ellen Montes \u2013 Comiss\u00e3o dos Projetos\nHumanit\u00e1rios<\/p>\n\n\n\n<p>Manoel de Assis \u2013 Comiss\u00e3o da\nFunda\u00e7\u00e3o Rotary<\/p>\n\n\n\n<p>Mariana Helena Silva \u2013\nComiss\u00e3o da Juventude<\/p>\n\n\n\n<p>Arcedino Concesso \u2013 Comiss\u00e3o de\nImagem P\u00fablica <\/p>\n\n\n\n<p><strong>Curr\u00edculo<\/strong><\/p>\n\n\n\n<p>Denilson Silva \u00e9 Bacharel em Ci\u00eancias\nCont\u00e1beis, pela Faculdade ITPAC \u2013 Instituto Tocantinense Presidente Ant\u00f4nio\nCarlos. <\/p>\n\n\n\n<p>Diretor-presidente das empresas\nTen Ten Utilidades e Decori Moveis R\u00fasticos<\/p>\n\n\n\n<p>Vice-presidente da ACIARA,\ngest\u00e3o 2020\/2021 <\/p>\n\n\n\n<p><strong>Curr\u00edculo Rot\u00e1rio <\/strong><\/p>\n\n\n\n<p>Iniciou sua vida Rot\u00e1ria no\nRotary Club Aragua\u00edna no ano de 2005, tendo como padrinho Alberto Souza Brito,\nGovernador Distrital 4530 no Ano Rot\u00e1rio 2019\/2020<\/p>\n\n\n\n<p>Presidente do Clube Aragua\u00edna\n2009\/2010<\/p>\n\n\n\n<p>Oficial de Interc\u00e2mbio de\nJovens nos anos de 2010 a 2013 <\/p>\n\n\n\n<p>Governador assistente:\n2013\/2014 &#8211; 2017\/2018 &#8211; 2018\/2019 &#8211; 2019\/2020 <\/p>\n\n\n\n<p>Presidente Eleito para Gest\u00e3o\n2020\/2021 e <\/p>\n\n\n\n<p>Palestrante na 65\u00ba confer\u00eancia\ndo amor (1\u00ba confer\u00eancia online) do distrito 4530 em 01\/05\/2020.<\/p>\n","protected":false},"excerpt":{"rendered":"<p>Uma cerim\u00f4nia diferente por causa da pandemia da covid-19. A transmiss\u00e3o de posse do novo Conselho Diretor do Rotary Club Aragua\u00edna Lago Azul, 2020-2021, na noite desta quarta-feira, 01, foi feita atrav\u00e9s de reuni\u00e3o remota. O empres\u00e1rio Denilson Silva, \u00e9 o mais novo presidente da entidade. Ele tamb\u00e9m \u00e9 vice-presidente da Associa\u00e7\u00e3o Comercial e Industrial [&hellip;]<\/p>\n","protected":false},"author":2,"featured_media":14730,"comment_status":"open","ping_status":"closed","sticky":false,"template":"","format":"standard","meta":{"footnotes":""},"categories":[493],"tags":[12,552],"class_list":["post-14729","post","type-post","status-publish","format-standard","has-post-thumbnail","hentry","category-noticias","tag-aciara","tag-rotary"],"_links":{"self":[{"href":"https:\/\/portalaciara.com\/novosite\/wp-json\/wp\/v2\/posts\/14729","targetHints":{"allow":["GET"]}}],"collection":[{"href":"https:\/\/portalaciara.com\/novosite\/wp-json\/wp\/v2\/posts"}],"about":[{"href":"https:\/\/portalaciara.com\/novosite\/wp-json\/wp\/v2\/types\/post"}],"author":[{"embeddable":true,"href":"https:\/\/portalaciara.com\/novosite\/wp-json\/wp\/v2\/users\/2"}],"replies":[{"embeddable":true,"href":"https:\/\/portalaciara.com\/novosite\/wp-json\/wp\/v2\/comments?post=14729"}],"version-history":[{"count":0,"href":"https:\/\/portalaciara.com\/novosite\/wp-json\/wp\/v2\/posts\/14729\/revisions"}],"wp:featuredmedia":[{"embeddable":true,"href":"https:\/\/portalaciara.com\/novosite\/wp-json\/wp\/v2\/media\/14730"}],"wp:attachment":[{"href":"https:\/\/portalaciara.com\/novosite\/wp-json\/wp\/v2\/media?parent=14729"}],"wp:term":[{"taxonomy":"category","embeddable":true,"href":"https:\/\/portalaciara.com\/novosite\/wp-json\/wp\/v2\/categories?post=14729"},{"taxonomy":"post_tag","embeddable":true,"href":"https:\/\/portalaciara.com\/novosite\/wp-json\/wp\/v2\/tags?post=14729"}],"curies":[{"name":"wp","href":"https:\/\/api.w.org\/{rel}","templated":true}]}}