{"id":14687,"date":"2020-06-08T19:18:17","date_gmt":"2020-06-08T19:18:17","guid":{"rendered":"https:\/\/portalaciara.com\/backup\/?p=14687"},"modified":"2020-06-08T19:18:17","modified_gmt":"2020-06-08T19:18:17","slug":"reabertura-do-comercio-de-araguaina-traz-esperanca-aos-empresarios","status":"publish","type":"post","link":"https:\/\/portalaciara.com\/novosite\/reabertura-do-comercio-de-araguaina-traz-esperanca-aos-empresarios\/","title":{"rendered":"Reabertura do com\u00e9rcio de Aragua\u00edna traz esperan\u00e7a aos empres\u00e1rios"},"content":{"rendered":"\n<p>Nesta segunda-feira, 08, ap\u00f3s 25 dias de portas fechadas, o com\u00e9rcio de Aragua\u00edna reabriu trazendo al\u00edvio para os empres\u00e1rios da cidade. Foram dias de ang\u00fastia, diante das incertezas provocadas pela crise do novo coronav\u00edrus (covid-19). <\/p>\n\n\n\n<p>Desde o in\u00edcio da pandemia, os comerciantes\nbuscaram cumprir todas as medidas de seguran\u00e7a para evitar o cont\u00e1gio, como a\nhigieniza\u00e7\u00e3o das m\u00e3os, o distanciamento de clientes e o uso da m\u00e1scara. Mesmo\ncom a queda nas vendas, era compreens\u00edvel as a\u00e7\u00f5es que mantivesse a seguran\u00e7a da\nsa\u00fade da popula\u00e7\u00e3o e da economia da cidade. Mas com o fechamento do com\u00e9rcio sem\nprevis\u00e3o de retorno das atividades, algumas empresas foram obrigadas a desligar\nseus funcion\u00e1rios. <\/p>\n\n\n\n<p>O empres\u00e1rio Marcio Maciel da\nCruz, propriet\u00e1rio das lojas Imp\u00e9rio da Moda e Estilo da Moda, teve que demitir\nfuncion\u00e1rios e suspender contratos. \u201cSomos uma engrenagem e dependemos muito\ntamb\u00e9m dos nossos colaboradores empregados e com renda para que possa comprar e\npagar, e consequentemente fazer a economia da nossa cidade circular\u201d. <\/p>\n\n\n\n<ul class=\"wp-block-gallery columns-2 is-cropped wp-block-gallery-1 is-layout-flex wp-block-gallery-is-layout-flex\"><li class=\"blocks-gallery-item\"><figure><img fetchpriority=\"high\" decoding=\"async\" width=\"1024\" height=\"768\" src=\"https:\/\/portalaciara.com\/novosite\/wp-content\/uploads\/2020\/06\/WhatsApp-Image-2020-06-08-at-07.22.26-1024x768.jpeg\" alt=\"\" data-id=\"14689\" class=\"wp-image-14689\" srcset=\"https:\/\/portalaciara.com\/novosite\/wp-content\/uploads\/2020\/06\/WhatsApp-Image-2020-06-08-at-07.22.26.jpeg 1024w, https:\/\/portalaciara.com\/novosite\/wp-content\/uploads\/2020\/06\/WhatsApp-Image-2020-06-08-at-07.22.26-300x225.jpeg 300w, https:\/\/portalaciara.com\/novosite\/wp-content\/uploads\/2020\/06\/WhatsApp-Image-2020-06-08-at-07.22.26-768x576.jpeg 768w, https:\/\/portalaciara.com\/novosite\/wp-content\/uploads\/2020\/06\/WhatsApp-Image-2020-06-08-at-07.22.26-160x120.jpeg 160w\" sizes=\"(max-width: 1024px) 100vw, 1024px\" \/><\/figure><\/li><li class=\"blocks-gallery-item\"><figure><img decoding=\"async\" width=\"1024\" height=\"768\" src=\"https:\/\/portalaciara.com\/novosite\/wp-content\/uploads\/2020\/06\/WhatsApp-Image-2020-06-08-at-07.22.25-2-1024x768.jpeg\" alt=\"\" data-id=\"14690\" data-link=\"https:\/\/portalaciara.com\/backup\/?attachment_id=14690\" class=\"wp-image-14690\" srcset=\"https:\/\/portalaciara.com\/novosite\/wp-content\/uploads\/2020\/06\/WhatsApp-Image-2020-06-08-at-07.22.25-2.jpeg 1024w, https:\/\/portalaciara.com\/novosite\/wp-content\/uploads\/2020\/06\/WhatsApp-Image-2020-06-08-at-07.22.25-2-300x225.jpeg 300w, https:\/\/portalaciara.com\/novosite\/wp-content\/uploads\/2020\/06\/WhatsApp-Image-2020-06-08-at-07.22.25-2-768x576.jpeg 768w, https:\/\/portalaciara.com\/novosite\/wp-content\/uploads\/2020\/06\/WhatsApp-Image-2020-06-08-at-07.22.25-2-160x120.jpeg 160w\" sizes=\"(max-width: 1024px) 100vw, 1024px\" \/><\/figure><\/li><\/ul>\n\n\n\n<p><strong>Luz no fim do t\u00fanel<\/strong><\/p>\n\n\n\n<p>Poder abrir as portas e atender\nos clientes, respeitando todas as medidas de preven\u00e7\u00e3o \u00e0 covid-19, devolve a\nesperan\u00e7a aos empres\u00e1rios. \u201cA reabertura do com\u00e9rcio nos mostra uma luz no fim\ndo t\u00fanel, pois temos expectativas para que a economia volte ao normal e todos\nvoltem a comercializar. Trazendo muitos empregos e neg\u00f3cios para alimentar a\neconomia de nossa cidade\u201d, ressaltou Marcio Maciel.<\/p>\n\n\n\n<ul class=\"wp-block-gallery columns-1 is-cropped wp-block-gallery-2 is-layout-flex wp-block-gallery-is-layout-flex\"><li class=\"blocks-gallery-item\"><figure><img decoding=\"async\" width=\"1024\" height=\"658\" src=\"https:\/\/portalaciara.com\/novosite\/wp-content\/uploads\/2020\/06\/WhatsApp-Image-2020-06-08-at-07.22.22-1024x658.jpeg\" alt=\"\" data-id=\"14691\" data-link=\"https:\/\/portalaciara.com\/backup\/?attachment_id=14691\" class=\"wp-image-14691\" srcset=\"https:\/\/portalaciara.com\/novosite\/wp-content\/uploads\/2020\/06\/WhatsApp-Image-2020-06-08-at-07.22.22-1024x658.jpeg 1024w, https:\/\/portalaciara.com\/novosite\/wp-content\/uploads\/2020\/06\/WhatsApp-Image-2020-06-08-at-07.22.22-300x193.jpeg 300w, https:\/\/portalaciara.com\/novosite\/wp-content\/uploads\/2020\/06\/WhatsApp-Image-2020-06-08-at-07.22.22-768x493.jpeg 768w, https:\/\/portalaciara.com\/novosite\/wp-content\/uploads\/2020\/06\/WhatsApp-Image-2020-06-08-at-07.22.22.jpeg 1242w\" sizes=\"(max-width: 1024px) 100vw, 1024px\" \/><\/figure><\/li><\/ul>\n\n\n\n<p>Esse tamb\u00e9m \u00e9 o pensamento da\nempres\u00e1ria Ivonete Fernandes, propriet\u00e1ria do sal\u00e3o de beleza Est\u00e9tica Magrela.\nO segmento dela foi um dos mais afetados com a suspens\u00e3o total das atividades.\n\u201cDurante este per\u00edodo tivemos fases de pensamentos vazios e grande inseguran\u00e7a,\nvimos que nada e nem ningu\u00e9m garante nossas empresas e nossos colaboradores,\nsomente Deus\u201d. A queda no faturamento ultrapassou 70%, mas Ivonete conta que conseguiu\nmanter o trabalho de 14 colaboradoras. <\/p>\n\n\n\n<p>Com a retomada das atividades, o\nmomento \u00e9 de supera\u00e7\u00e3o. \u201cAgora com a reabertura nasce em mim uma vontade enorme\nde trabalhar, dar a volta por cima, estou cheia de esperan\u00e7a e me preparando de\nforma segura para receber nossas clientes, observando todas as regras\nsanit\u00e1rias como uso de m\u00e1scaras Luvas e esteriliza\u00e7\u00e3o de todo equipamento.\nEstou torcendo para que tudo passe logo\u201d, comemorou Ivonete.&nbsp; <\/p>\n\n\n\n<ul class=\"wp-block-gallery columns-1 is-cropped wp-block-gallery-3 is-layout-flex wp-block-gallery-is-layout-flex\"><li class=\"blocks-gallery-item\"><figure><img loading=\"lazy\" decoding=\"async\" width=\"1024\" height=\"752\" src=\"https:\/\/portalaciara.com\/novosite\/wp-content\/uploads\/2020\/06\/WhatsApp-Image-2020-06-08-at-07.23.16-1024x752.jpeg\" alt=\"\" data-id=\"14692\" data-link=\"https:\/\/portalaciara.com\/backup\/?attachment_id=14692\" class=\"wp-image-14692\" srcset=\"https:\/\/portalaciara.com\/novosite\/wp-content\/uploads\/2020\/06\/WhatsApp-Image-2020-06-08-at-07.23.16-1024x752.jpeg 1024w, https:\/\/portalaciara.com\/novosite\/wp-content\/uploads\/2020\/06\/WhatsApp-Image-2020-06-08-at-07.23.16-300x220.jpeg 300w, https:\/\/portalaciara.com\/novosite\/wp-content\/uploads\/2020\/06\/WhatsApp-Image-2020-06-08-at-07.23.16-768x564.jpeg 768w, https:\/\/portalaciara.com\/novosite\/wp-content\/uploads\/2020\/06\/WhatsApp-Image-2020-06-08-at-07.23.16.jpeg 1073w\" sizes=\"(max-width: 1024px) 100vw, 1024px\" \/><\/figure><\/li><\/ul>\n\n\n\n<p>A reabertura do com\u00e9rcio n\u00e3o\nsignifica s\u00f3 uma luz no fim do t\u00fanel, mas \u00e9 a pr\u00f3pria sobreviv\u00eancia para\npequenos e m\u00e9dios empreendimentos. A empres\u00e1ria M\u00e1rcia Wanderley \u00e9 propriet\u00e1ria\nda R.W Grau que h\u00e1 14 anos presta servi\u00e7o no segmento de eventos de formatura e\nmovimenta uma cadeia de profissionais. S\u00e3o 44 colaboradores que dependem da\nempresa para garantir a renda da fam\u00edlia. \u201cO momento n\u00e3o est\u00e1 f\u00e1cil pra\nningu\u00e9m. Nossa inadimpl\u00eancia aumentou da consequ\u00eancia da loja fechada\u201d. M\u00e1rcia\nenfrenta um outro desafio que \u00e9 a suspens\u00e3o de aulas e a proibi\u00e7\u00e3o de eventos\nde formatura, por exemplo. Mas ter o com\u00e9rcio reaberto permite que a empresa\ndela receba o pagamento de servi\u00e7os prestados. \u201cAo menos, para ver se as\npessoas enfrentam o medo e v\u00e3o pagar as contas. Tem muito servi\u00e7o para\nentregar. Preciso de portas abertas para receber o cliente. Claro, com todo\ncuidado poss\u00edvel\u201d, enfatizou M\u00e1rcia.<\/p>\n\n\n\n<p>A presidente da Associa\u00e7\u00e3o\nComercial e Industrial de Aragua\u00edna, H\u00e9lida Dantas, tamb\u00e9m comemora a\nreabertura do com\u00e9rcio, mas ressalta que o momento \u00e9 de responsabilidade. \u201cEstamos\nmuito satisfeitos com o retorno de nossas atividades porque acreditamos que s\u00f3\ntrazem progresso, renda, emprego para a nossa cidade\u201d. H\u00e9lida enfatiza que o\ncom\u00e9rcio fechado por quase 30 dias n\u00e3o reduziu o cont\u00e1gio. \u201cA contamina\u00e7\u00e3o da covid-19\ntem se dado muito nas resid\u00eancias, entre as fam\u00edlias, por isso pedimos aos\nempres\u00e1rios que contribua com a educa\u00e7\u00e3o dos seus colaboradores e clientes,\nmudando os h\u00e1bitos de higiene. Vamos trabalhar colaborando com a sa\u00fade p\u00fablica\u201d.<\/p>\n\n\n\n<ul class=\"wp-block-gallery columns-1 is-cropped wp-block-gallery-4 is-layout-flex wp-block-gallery-is-layout-flex\"><li class=\"blocks-gallery-item\"><figure><img loading=\"lazy\" decoding=\"async\" width=\"678\" height=\"1024\" src=\"https:\/\/portalaciara.com\/novosite\/wp-content\/uploads\/2020\/03\/07-1-678x1024.jpg\" alt=\"\" data-id=\"13919\" data-link=\"https:\/\/portalaciara.com\/backup\/diretoria-atual\/07-25\/\" class=\"wp-image-13919\" srcset=\"https:\/\/portalaciara.com\/novosite\/wp-content\/uploads\/2020\/03\/07-1-678x1024.jpg 678w, https:\/\/portalaciara.com\/novosite\/wp-content\/uploads\/2020\/03\/07-1-199x300.jpg 199w, https:\/\/portalaciara.com\/novosite\/wp-content\/uploads\/2020\/03\/07-1-768x1160.jpg 768w\" sizes=\"(max-width: 678px) 100vw, 678px\" \/><\/figure><\/li><\/ul>\n\n\n\n<p>A ACIARA estar\u00e1 refor\u00e7ando junto\naos seus associados a higieniza\u00e7\u00e3o dos estabelecimentos, as regras de distanciamento\ne sem aglomera\u00e7\u00f5es dentro das empresas. \u201cVamos todos colaborar. Os comerciantes\nest\u00e3o dispostos a fazer sua parte. Vamos dar oportunidade de emprego que \u00e9 o nosso\nlegado para a sociedade. Estamos muito felizes com o retorno das nossas\natividades. Acreditamos que o com\u00e9rcio s\u00f3 ter\u00e1 sucesso se a sa\u00fade estiver bem. Temos\nque andar de m\u00e3os dadas, unidos para termos excelentes resultados frente a essa\npandemia que tem desestruturado a vida de todos n\u00f3s\u201d, finalizou H\u00e9lida Dantas.<\/p>\n","protected":false},"excerpt":{"rendered":"<p>Nesta segunda-feira, 08, ap\u00f3s 25 dias de portas fechadas, o com\u00e9rcio de Aragua\u00edna reabriu trazendo al\u00edvio para os empres\u00e1rios da cidade. Foram dias de ang\u00fastia, diante das incertezas provocadas pela crise do novo coronav\u00edrus (covid-19). Desde o in\u00edcio da pandemia, os comerciantes buscaram cumprir todas as medidas de seguran\u00e7a para evitar o cont\u00e1gio, como a [&hellip;]<\/p>\n","protected":false},"author":2,"featured_media":14688,"comment_status":"open","ping_status":"closed","sticky":false,"template":"","format":"standard","meta":{"footnotes":""},"categories":[493],"tags":[12,122,545,518,45],"class_list":["post-14687","post","type-post","status-publish","format-standard","has-post-thumbnail","hentry","category-noticias","tag-aciara","tag-araguaina","tag-comercio-reaberto","tag-covid-19","tag-empresarios"],"_links":{"self":[{"href":"https:\/\/portalaciara.com\/novosite\/wp-json\/wp\/v2\/posts\/14687","targetHints":{"allow":["GET"]}}],"collection":[{"href":"https:\/\/portalaciara.com\/novosite\/wp-json\/wp\/v2\/posts"}],"about":[{"href":"https:\/\/portalaciara.com\/novosite\/wp-json\/wp\/v2\/types\/post"}],"author":[{"embeddable":true,"href":"https:\/\/portalaciara.com\/novosite\/wp-json\/wp\/v2\/users\/2"}],"replies":[{"embeddable":true,"href":"https:\/\/portalaciara.com\/novosite\/wp-json\/wp\/v2\/comments?post=14687"}],"version-history":[{"count":0,"href":"https:\/\/portalaciara.com\/novosite\/wp-json\/wp\/v2\/posts\/14687\/revisions"}],"wp:featuredmedia":[{"embeddable":true,"href":"https:\/\/portalaciara.com\/novosite\/wp-json\/wp\/v2\/media\/14688"}],"wp:attachment":[{"href":"https:\/\/portalaciara.com\/novosite\/wp-json\/wp\/v2\/media?parent=14687"}],"wp:term":[{"taxonomy":"category","embeddable":true,"href":"https:\/\/portalaciara.com\/novosite\/wp-json\/wp\/v2\/categories?post=14687"},{"taxonomy":"post_tag","embeddable":true,"href":"https:\/\/portalaciara.com\/novosite\/wp-json\/wp\/v2\/tags?post=14687"}],"curies":[{"name":"wp","href":"https:\/\/api.w.org\/{rel}","templated":true}]}}